{"id":6907,"date":"2019-04-02T19:30:39","date_gmt":"2019-04-02T18:30:39","guid":{"rendered":"https:\/\/www.granitelacroix.com\/pere-yvon-cousineau\/"},"modified":"2019-04-23T13:29:55","modified_gmt":"2019-04-23T17:29:55","slug":"pere-yvon-cousineau","status":"publish","type":"post","link":"https:\/\/www.granitelacroix.com\/en\/pere-yvon-cousineau\/","title":{"rendered":"P\u00e8re Yvon Cousineau, C.S.C. Cur\u00e9 de la paroisse Saint-Laurent"},"content":{"rendered":"<p>[et_pb_section fb_built=&#8221;1&#8243; _builder_version=&#8221;3.22.3&#8243; custom_margin=&#8221;0px||0px&#8221; custom_padding=&#8221;0px||0px&#8221;][et_pb_row custom_padding=&#8221;0px||0px&#8221; custom_margin=&#8221;0px||0px&#8221; padding_top_1=&#8221;0px&#8221; padding_bottom_1=&#8221;0px&#8221; _builder_version=&#8221;3.22.3&#8243;][et_pb_column type=&#8221;4_4&#8243; _builder_version=&#8221;3.21.1&#8243;][et_pb_text _builder_version=&#8221;3.22.3&#8243; custom_padding=&#8221;0px||0px&#8221;]<\/p>\n<p>\u00ab\u00a0M. Lacroix, Apr\u00e8s en avoir discut\u00e9 avec le conseil de Fabrique, apr\u00e8s l\u2019avoir install\u00e9 dans l\u2019\u00e9glise Saint-Laurent, les fid\u00e8les ont eu la chance d\u2019admirer cette pierre plac\u00e9e sous l\u2019autel. Ce fut un succ\u00e8s sur toute la ligne et les commentaires positifs fusent de toutes parts face \u00e0 cette installation. Je ne sais qui en est le tailleur, je ne connais pas la personne qui a inscrit le motif sur la pierre ainsi que le mot \u00ab\u00a0lumi\u00e8re\u00a0\u00bb, tout cela fait de mains de ma\u00eetre et je vous f\u00e9licite, monsieur Lacroix, d\u2019avoir su mener \u00e0 terme ce projet et veuillez transmettre nos f\u00e9licitations aux personnes concern\u00e9es. Tout fut fait avec d\u00e9licatesse en art pour sa mise en place sous l\u2019autel. La pierre est bien ancr\u00e9e et coll\u00e9e laissant appara\u00eetre sa dimension, sa r\u00e9ussite et son rayonnement dans toute l\u2019\u00e9glise.\u00a0\u00bb<\/p>\n<p style=\"text-align: right;\"><strong>P\u00e8re Yvon Cousineau, C.S.C. Cur\u00e9 de la paroisse Saint-Laurent<\/strong><\/p>\n<p>[\/et_pb_text][\/et_pb_column][\/et_pb_row][\/et_pb_section]<\/p>\n","protected":false},"excerpt":{"rendered":"<p>\u00ab\u00a0M. Lacroix, Apr\u00e8s en avoir discut\u00e9 avec le conseil de Fabrique, apr\u00e8s l\u2019avoir install\u00e9 dans l\u2019\u00e9glise Saint-Laurent, les fid\u00e8les ont eu la chance d\u2019admirer cette pierre plac\u00e9e sous l\u2019autel. Ce fut un succ\u00e8s sur toute la ligne et les commentaires positifs fusent de toutes parts face \u00e0 cette installation. Je ne sais qui en est [&hellip;]<\/p>\n","protected":false},"author":1,"featured_media":0,"comment_status":"open","ping_status":"open","sticky":false,"template":"","format":"standard","meta":{"_et_pb_use_builder":"on","_et_pb_old_content":"","_et_gb_content_width":"","om_disable_all_campaigns":false,"_monsterinsights_skip_tracking":false,"_monsterinsights_sitenote_active":false,"_monsterinsights_sitenote_note":"","_monsterinsights_sitenote_category":0,"footnotes":""},"categories":[25],"tags":[],"class_list":["post-6907","post","type-post","status-publish","format-standard","hentry","category-testimonials"],"aioseo_notices":[],"_links":{"self":[{"href":"https:\/\/www.granitelacroix.com\/en\/wp-json\/wp\/v2\/posts\/6907","targetHints":{"allow":["GET"]}}],"collection":[{"href":"https:\/\/www.granitelacroix.com\/en\/wp-json\/wp\/v2\/posts"}],"about":[{"href":"https:\/\/www.granitelacroix.com\/en\/wp-json\/wp\/v2\/types\/post"}],"author":[{"embeddable":true,"href":"https:\/\/www.granitelacroix.com\/en\/wp-json\/wp\/v2\/users\/1"}],"replies":[{"embeddable":true,"href":"https:\/\/www.granitelacroix.com\/en\/wp-json\/wp\/v2\/comments?post=6907"}],"version-history":[{"count":0,"href":"https:\/\/www.granitelacroix.com\/en\/wp-json\/wp\/v2\/posts\/6907\/revisions"}],"wp:attachment":[{"href":"https:\/\/www.granitelacroix.com\/en\/wp-json\/wp\/v2\/media?parent=6907"}],"wp:term":[{"taxonomy":"category","embeddable":true,"href":"https:\/\/www.granitelacroix.com\/en\/wp-json\/wp\/v2\/categories?post=6907"},{"taxonomy":"post_tag","embeddable":true,"href":"https:\/\/www.granitelacroix.com\/en\/wp-json\/wp\/v2\/tags?post=6907"}],"curies":[{"name":"wp","href":"https:\/\/api.w.org\/{rel}","templated":true}]}}